{"id":7460,"date":"2025-01-01T18:50:30","date_gmt":"2025-01-01T17:50:30","guid":{"rendered":"https:\/\/havelschule.de\/?p=7460"},"modified":"2025-01-01T18:50:30","modified_gmt":"2025-01-01T17:50:30","slug":"willkommen-im-neuen-jahr-2025","status":"publish","type":"post","link":"https:\/\/havelschule.de\/?p=7460","title":{"rendered":"Willkommen im neuen Jahr 2025!"},"content":{"rendered":"<p>Liebe Sch\u00fclerinnen und Sch\u00fcler, liebe Eltern, liebe Kolleginnen und Kollegen,<\/p>\n<p>das Jahr 2025 hat begonnen, und wir blicken mit Vorfreude auf viele spannende Ereignisse und Projekte, die uns in den kommenden Monaten erwarten.<\/p>\n<p>Zu den H\u00f6hepunkten z\u00e4hlen wieder zahlreiche traditionelle Veranstaltungen, die unser Schulleben bereichern: das Zweifelderballturnier, der Vortragswettbewerb, der K\u00e4nguru-Wettbewerb, unser Sportfest, das Drachenbootrennen und nat\u00fcrlich der Vorlesetag, der Kinder und Erwachsene gleicherma\u00dfen begeistert. Diese und viele weitere Aktionen bieten allen die M\u00f6glichkeit, sich kreativ und sportlich einzubringen und unsere Schulgemeinschaft zu st\u00e4rken.<\/p>\n<p>Das Jahr startet f\u00fcr unsere Sechstkl\u00e4sslerinnen und Sechstkl\u00e4ssler mit einer besonders wichtigen Phase: dem \u00dc7-Verfahren. Hier bewerben sich unsere Sch\u00fclerinnen und Sch\u00fcler an den weiterf\u00fchrenden Schulen ihrer Wahl. Wir dr\u00fccken allen die Daumen, dass ihre W\u00fcnsche in Erf\u00fcllung gehen und der \u00dcbergang in diesen neuen Lebensabschnitt so gelingt, wie sie es sich vorstellen.<\/p>\n<p>Neben den zahlreichen Veranstaltungen besch\u00e4ftigen uns auch innerschulische Themen, die uns als Schulgemeinschaft am Herzen liegen. Der Kinderschutz bleibt ein zentraler Schwerpunkt unserer Arbeit, und wir freuen uns, mit dem Sch\u00fclerhaushalt den Kindern eine aktive Stimme in der Gestaltung des Schulalltags zu geben.<\/p>\n<p>Zum Jahresbeginn m\u00f6chte ich auch die Gelegenheit nutzen, allen zu danken, die unsere Schule zu dem lebendigen Ort machen, der sie ist. Wir w\u00fcnschen allen Kindern, den Eltern, den Kolleginnen und Kollegen aus dem Hort, den Hausmeistern, dem Team im Sekretariat, der Schulsozialarbeit, dem K\u00fcchen- und Reinigungspersonal sowie unseren Einzelfallhelferinnen und -helfern ein gesundes und erf\u00fclltes neues Jahr 2025. Gemeinsam gestalten wir eine Schule, die von Vielfalt, Engagement und Miteinander lebt.<\/p>\n<p>Auf ein erfolgreiches und gemeinschaftliches Jahr 2025!<\/p>\n<p>Mit herzlichen Gr\u00fc\u00dfen<\/p>\n<p>Bastian Zimmermann<br \/>\nKerstin Reinhold<br \/>\nUte Fiebranz-Westhaus<\/p>\n","protected":false},"excerpt":{"rendered":"","protected":false},"author":1,"featured_media":7461,"comment_status":"closed","ping_status":"closed","sticky":false,"template":"","format":"standard","meta":{"footnotes":""},"categories":[2],"tags":[],"class_list":["post-7460","post","type-post","status-publish","format-standard","has-post-thumbnail","hentry","category-news"],"_links":{"self":[{"href":"https:\/\/havelschule.de\/index.php?rest_route=\/wp\/v2\/posts\/7460","targetHints":{"allow":["GET"]}}],"collection":[{"href":"https:\/\/havelschule.de\/index.php?rest_route=\/wp\/v2\/posts"}],"about":[{"href":"https:\/\/havelschule.de\/index.php?rest_route=\/wp\/v2\/types\/post"}],"author":[{"embeddable":true,"href":"https:\/\/havelschule.de\/index.php?rest_route=\/wp\/v2\/users\/1"}],"replies":[{"embeddable":true,"href":"https:\/\/havelschule.de\/index.php?rest_route=%2Fwp%2Fv2%2Fcomments&post=7460"}],"version-history":[{"count":1,"href":"https:\/\/havelschule.de\/index.php?rest_route=\/wp\/v2\/posts\/7460\/revisions"}],"predecessor-version":[{"id":7462,"href":"https:\/\/havelschule.de\/index.php?rest_route=\/wp\/v2\/posts\/7460\/revisions\/7462"}],"wp:featuredmedia":[{"embeddable":true,"href":"https:\/\/havelschule.de\/index.php?rest_route=\/wp\/v2\/media\/7461"}],"wp:attachment":[{"href":"https:\/\/havelschule.de\/index.php?rest_route=%2Fwp%2Fv2%2Fmedia&parent=7460"}],"wp:term":[{"taxonomy":"category","embeddable":true,"href":"https:\/\/havelschule.de\/index.php?rest_route=%2Fwp%2Fv2%2Fcategories&post=7460"},{"taxonomy":"post_tag","embeddable":true,"href":"https:\/\/havelschule.de\/index.php?rest_route=%2Fwp%2Fv2%2Ftags&post=7460"}],"curies":[{"name":"wp","href":"https:\/\/api.w.org\/{rel}","templated":true}]}}