{"id":7751,"date":"2025-06-12T20:53:37","date_gmt":"2025-06-12T18:53:37","guid":{"rendered":"https:\/\/havelschule.de\/?p=7751"},"modified":"2025-06-12T20:54:53","modified_gmt":"2025-06-12T18:54:53","slug":"herausragende-leistungen-beim-kaenguru-wettbewerb-2025-an-der-havelschule","status":"publish","type":"post","link":"https:\/\/havelschule.de\/?p=7751","title":{"rendered":"Herausragende Leistungen beim K\u00e4nguru-Wettbewerb 2025 an der Havelschule"},"content":{"rendered":"<p data-start=\"78\" data-end=\"562\">Auch in diesem Jahr nahm die Havelschule mit zahlreichen Sch\u00fclerinnen und Sch\u00fclern der 3. &#8211; 6. Klassen erfolgreich am bundesweiten K\u00e4nguru-Wettbewerb der Mathematik teil. Der Wettbewerb, der j\u00e4hrlich vom Institut f\u00fcr Mathematik der Humboldt-Universit\u00e4t zu Berlin organisiert wird, richtet sich an mathematisch interessierte Kinder und Jugendliche der Klassenstufen 3 bis 13. Ziel ist es, durch vielf\u00e4ltige, motivierende Aufgaben die Freude an der Mathematik zu f\u00f6rdern und das logische Denken zu schulen.<\/p>\n<p data-start=\"564\" data-end=\"875\">Alle Teilnehmenden der Havelschule erzielten bemerkenswerte Ergebnisse und lagen \u2013 teils deutlich \u2013 \u00fcber dem bundesweiten Durchschnitt.<\/p>\n<p data-start=\"877\" data-end=\"1253\">Ein besonderes Ereignis stellte in diesem Jahr die Leistung von Hannah Laesicke aus der Klasse 4c dar: Mit der Maximalpunktzahl von 120 Punkten gelang ihr ein Novum in der Geschichte der Havelschule. Sie sicherte sich damit nicht nur den Spitzenplatz, sondern setzte auch ein starkes Zeichen f\u00fcr die gesamte Schule.<\/p>\n<p data-start=\"1255\" data-end=\"1500\">Im Rahmen einer schulinternen Ehrung wurden alle Teilnehmenden mit Urkunden, Knobelspielen und Experimentierk\u00e4sten ausgezeichnet \u2013 eine Anerkennung f\u00fcr ihre Ausdauer, Konzentration und Freude am L\u00f6sen komplexer mathematischer Aufgabenstellungen.<\/p>\n<p data-start=\"1502\" data-end=\"1633\" data-is-last-node=\"\" data-is-only-node=\"\">Frau Scheunemann als Fachkonferenzleiterin Mathematik, Schulleiter Bastian Zimmermann und das gesamte Team der Havelschule gratuliert allen Teilnehmerinnen und Teilnehmern herzlich zu ihren hervorragenden Leistungen.<\/p>\n<p data-start=\"1502\" data-end=\"1633\" data-is-last-node=\"\" data-is-only-node=\"\">Euer Team der Havelschule<\/p>\n<div id='gallery-1' class='gallery galleryid-7751 gallery-columns-2 gallery-size-medium'><figure class='gallery-item'>\n\t\t\t<div class='gallery-icon portrait'>\n\t\t\t\t<a href='https:\/\/havelschule.de\/wp-content\/uploads\/2025\/06\/IMG_5399-1-scaled.jpg' title=\"\" data-rl_title=\"\" class=\"rl-gallery-link\" data-rl_caption=\"\" data-rel=\"lightbox-gallery-1\"><img loading=\"lazy\" decoding=\"async\" width=\"162\" height=\"300\" src=\"https:\/\/havelschule.de\/wp-content\/uploads\/2025\/06\/IMG_5399-1-162x300.jpg\" class=\"attachment-medium size-medium\" alt=\"\" srcset=\"https:\/\/havelschule.de\/wp-content\/uploads\/2025\/06\/IMG_5399-1-162x300.jpg 162w, https:\/\/havelschule.de\/wp-content\/uploads\/2025\/06\/IMG_5399-1-554x1024.jpg 554w, https:\/\/havelschule.de\/wp-content\/uploads\/2025\/06\/IMG_5399-1-768x1420.jpg 768w, https:\/\/havelschule.de\/wp-content\/uploads\/2025\/06\/IMG_5399-1-831x1536.jpg 831w, https:\/\/havelschule.de\/wp-content\/uploads\/2025\/06\/IMG_5399-1-1108x2048.jpg 1108w, https:\/\/havelschule.de\/wp-content\/uploads\/2025\/06\/IMG_5399-1-scaled.jpg 1385w\" sizes=\"auto, (max-width: 162px) 100vw, 162px\" \/><\/a>\n\t\t\t<\/div><\/figure><figure class='gallery-item'>\n\t\t\t<div class='gallery-icon landscape'>\n\t\t\t\t<a href='https:\/\/havelschule.de\/wp-content\/uploads\/2025\/06\/IMG_5398-scaled.jpg' title=\"\" data-rl_title=\"\" class=\"rl-gallery-link\" data-rl_caption=\"\" data-rel=\"lightbox-gallery-1\"><img loading=\"lazy\" decoding=\"async\" width=\"300\" height=\"253\" src=\"https:\/\/havelschule.de\/wp-content\/uploads\/2025\/06\/IMG_5398-300x253.jpg\" class=\"attachment-medium size-medium\" alt=\"\" srcset=\"https:\/\/havelschule.de\/wp-content\/uploads\/2025\/06\/IMG_5398-300x253.jpg 300w, https:\/\/havelschule.de\/wp-content\/uploads\/2025\/06\/IMG_5398-1024x862.jpg 1024w, https:\/\/havelschule.de\/wp-content\/uploads\/2025\/06\/IMG_5398-768x646.jpg 768w, https:\/\/havelschule.de\/wp-content\/uploads\/2025\/06\/IMG_5398-1536x1293.jpg 1536w, https:\/\/havelschule.de\/wp-content\/uploads\/2025\/06\/IMG_5398-2048x1724.jpg 2048w\" sizes=\"auto, (max-width: 300px) 100vw, 300px\" \/><\/a>\n\t\t\t<\/div><\/figure>\n\t\t<\/div>\n\n","protected":false},"excerpt":{"rendered":"","protected":false},"author":1,"featured_media":7749,"comment_status":"closed","ping_status":"closed","sticky":false,"template":"","format":"standard","meta":{"footnotes":""},"categories":[2],"tags":[],"class_list":["post-7751","post","type-post","status-publish","format-standard","has-post-thumbnail","hentry","category-news"],"_links":{"self":[{"href":"https:\/\/havelschule.de\/index.php?rest_route=\/wp\/v2\/posts\/7751","targetHints":{"allow":["GET"]}}],"collection":[{"href":"https:\/\/havelschule.de\/index.php?rest_route=\/wp\/v2\/posts"}],"about":[{"href":"https:\/\/havelschule.de\/index.php?rest_route=\/wp\/v2\/types\/post"}],"author":[{"embeddable":true,"href":"https:\/\/havelschule.de\/index.php?rest_route=\/wp\/v2\/users\/1"}],"replies":[{"embeddable":true,"href":"https:\/\/havelschule.de\/index.php?rest_route=%2Fwp%2Fv2%2Fcomments&post=7751"}],"version-history":[{"count":2,"href":"https:\/\/havelschule.de\/index.php?rest_route=\/wp\/v2\/posts\/7751\/revisions"}],"predecessor-version":[{"id":7753,"href":"https:\/\/havelschule.de\/index.php?rest_route=\/wp\/v2\/posts\/7751\/revisions\/7753"}],"wp:featuredmedia":[{"embeddable":true,"href":"https:\/\/havelschule.de\/index.php?rest_route=\/wp\/v2\/media\/7749"}],"wp:attachment":[{"href":"https:\/\/havelschule.de\/index.php?rest_route=%2Fwp%2Fv2%2Fmedia&parent=7751"}],"wp:term":[{"taxonomy":"category","embeddable":true,"href":"https:\/\/havelschule.de\/index.php?rest_route=%2Fwp%2Fv2%2Fcategories&post=7751"},{"taxonomy":"post_tag","embeddable":true,"href":"https:\/\/havelschule.de\/index.php?rest_route=%2Fwp%2Fv2%2Ftags&post=7751"}],"curies":[{"name":"wp","href":"https:\/\/api.w.org\/{rel}","templated":true}]}}