{"id":8066,"date":"2025-09-12T08:25:40","date_gmt":"2025-09-12T06:25:40","guid":{"rendered":"https:\/\/havelschule.de\/?p=8066"},"modified":"2025-09-12T08:25:40","modified_gmt":"2025-09-12T06:25:40","slug":"es-geht-wieder-los","status":"publish","type":"post","link":"https:\/\/havelschule.de\/?p=8066","title":{"rendered":"Es geht wieder los!"},"content":{"rendered":"<p data-start=\"118\" data-end=\"243\">Das neue Schuljahr hat begonnen und wir hei\u00dfen alle Sch\u00fclerinnen und Sch\u00fcler herzlich willkommen zur\u00fcck an der Havelschule.<\/p>\n<p data-start=\"245\" data-end=\"446\">Ein besonderes Willkommen gilt unseren neuen ersten Klassen \u2013 wir freuen uns sehr, dass ihr nun Teil unserer Schulgemeinschaft seid und w\u00fcnschen euch, dass ihr euch schnell einlebt und wohlf\u00fchlt.<\/p>\n<p data-start=\"448\" data-end=\"632\">F\u00fcr unsere sechsten Klassen beginnt eine besonders wichtige Phase der Grundschulzeit. Wir dr\u00fccken euch die Daumen, w\u00fcnschen viel Erfolg und stehen euch mit Rat und Tat zur Seite.<\/p>\n<p data-start=\"634\" data-end=\"788\">Auch allen Lehrkr\u00e4ften, Erzieherinnen und Erziehern sowie allen Mitarbeitenden w\u00fcnschen wir einen guten Start und ein erfolgreiches, gesundes Schuljahr.<\/p>\n<p data-start=\"790\" data-end=\"946\">Unsere vielf\u00e4ltigen Ganztagsangebote sind vorbereitet und starten nach den Oktoberferien. Alle Informationen dazu finden Sie im Men\u00fc unter dem Reiter \u201eGanztag\u201c.<\/p>\n<p data-start=\"948\" data-end=\"1019\">Bleiben wir gemeinsam neugierig, motiviert und vor allem: gesund!<\/p>\n<p data-start=\"948\" data-end=\"1019\">Euer Team der Havelschule<\/p>\n","protected":false},"excerpt":{"rendered":"","protected":false},"author":1,"featured_media":8067,"comment_status":"closed","ping_status":"closed","sticky":false,"template":"","format":"standard","meta":{"footnotes":""},"categories":[2],"tags":[],"class_list":["post-8066","post","type-post","status-publish","format-standard","has-post-thumbnail","hentry","category-news"],"_links":{"self":[{"href":"https:\/\/havelschule.de\/index.php?rest_route=\/wp\/v2\/posts\/8066","targetHints":{"allow":["GET"]}}],"collection":[{"href":"https:\/\/havelschule.de\/index.php?rest_route=\/wp\/v2\/posts"}],"about":[{"href":"https:\/\/havelschule.de\/index.php?rest_route=\/wp\/v2\/types\/post"}],"author":[{"embeddable":true,"href":"https:\/\/havelschule.de\/index.php?rest_route=\/wp\/v2\/users\/1"}],"replies":[{"embeddable":true,"href":"https:\/\/havelschule.de\/index.php?rest_route=%2Fwp%2Fv2%2Fcomments&post=8066"}],"version-history":[{"count":1,"href":"https:\/\/havelschule.de\/index.php?rest_route=\/wp\/v2\/posts\/8066\/revisions"}],"predecessor-version":[{"id":8069,"href":"https:\/\/havelschule.de\/index.php?rest_route=\/wp\/v2\/posts\/8066\/revisions\/8069"}],"wp:featuredmedia":[{"embeddable":true,"href":"https:\/\/havelschule.de\/index.php?rest_route=\/wp\/v2\/media\/8067"}],"wp:attachment":[{"href":"https:\/\/havelschule.de\/index.php?rest_route=%2Fwp%2Fv2%2Fmedia&parent=8066"}],"wp:term":[{"taxonomy":"category","embeddable":true,"href":"https:\/\/havelschule.de\/index.php?rest_route=%2Fwp%2Fv2%2Fcategories&post=8066"},{"taxonomy":"post_tag","embeddable":true,"href":"https:\/\/havelschule.de\/index.php?rest_route=%2Fwp%2Fv2%2Ftags&post=8066"}],"curies":[{"name":"wp","href":"https:\/\/api.w.org\/{rel}","templated":true}]}}