{"id":8124,"date":"2025-11-03T19:30:08","date_gmt":"2025-11-03T18:30:08","guid":{"rendered":"https:\/\/havelschule.de\/?p=8124"},"modified":"2025-11-04T13:25:47","modified_gmt":"2025-11-04T12:25:47","slug":"neue-haus-und-pausenordnung-der-havelschule","status":"publish","type":"post","link":"https:\/\/havelschule.de\/?p=8124","title":{"rendered":"Neue Haus- und Pausenordnung der Havelschule"},"content":{"rendered":"<p data-start=\"52\" data-end=\"271\">Die Schulkonferenz der Havelschule hat eine \u00fcberarbeitete Haus- und Pausenordnung beschlossen. Diese tritt ab sofort in Kraft und gilt f\u00fcr alle Sch\u00fclerinnen und Sch\u00fcler, Lehrkr\u00e4fte sowie das p\u00e4dagogische Personal.<\/p>\n<p data-start=\"273\" data-end=\"402\">Ein wichtiger neuer Punkt betrifft die Nutzung privater mobiler Endger\u00e4te (wie Smartphones, Tablets oder Smartwatches):<\/p>\n<blockquote data-start=\"403\" data-end=\"512\">\n<p data-start=\"405\" data-end=\"512\"><strong>Auf dem gesamten Schulgel\u00e4nde ist die Nutzung privater mobiler Endger\u00e4te bis 15:00 Uhr nicht gestattet.<\/strong><\/p>\n<\/blockquote>\n<p data-start=\"677\" data-end=\"781\">Die Regelung sch\u00fctzt die Kinder direkt vor- und nach dem Unterricht vor Ablenkung und Konflikten, die durch Handynutzung entstehen k\u00f6nnen. Sie tr\u00e4gt weiterhin dazu bei, ein respektvolles und achtsames Miteinander im Schulalltag zu f\u00f6rdern.<\/p>\n<p data-start=\"962\" data-end=\"1132\">Alle Sch\u00fclerinnen und Sch\u00fcler m\u00fcssen die neue Haus- und Pausenordnung zur Kenntnis nehmen. Die Klassenleitungen besprechen die wichtigsten \u00c4nderungen im Unterricht.<\/p>\n<p data-start=\"1134\" data-end=\"1303\">Die vollst\u00e4ndige Fassung der neuen Haus- und Pausenordnung ist in den Klassenr\u00e4umen ausgeh\u00e4ngt und steht au\u00dferdem <a href=\"https:\/\/havelschule.de\/wp-content\/uploads\/2025\/11\/101025_Hausordnung-der-Havelschule_Stand-Oktober-2025-1.pdf\" target=\"_blank\" rel=\"noopener\">[hier zum Download]<\/a> zur Verf\u00fcgung.<\/p>\n<p data-start=\"1305\" data-end=\"1418\">Bei Fragen oder Anregungen k\u00f6nnen sich Eltern und Sch\u00fclerinnen und Sch\u00fcler gern an die Mitglieder der Schulkonferenz\u00a0wenden.<\/p>\n<p data-start=\"1305\" data-end=\"1418\">Euer Team der Havelschule<\/p>\n","protected":false},"excerpt":{"rendered":"","protected":false},"author":1,"featured_media":8122,"comment_status":"closed","ping_status":"closed","sticky":false,"template":"","format":"standard","meta":{"footnotes":""},"categories":[2],"tags":[],"class_list":["post-8124","post","type-post","status-publish","format-standard","has-post-thumbnail","hentry","category-news"],"_links":{"self":[{"href":"https:\/\/havelschule.de\/index.php?rest_route=\/wp\/v2\/posts\/8124","targetHints":{"allow":["GET"]}}],"collection":[{"href":"https:\/\/havelschule.de\/index.php?rest_route=\/wp\/v2\/posts"}],"about":[{"href":"https:\/\/havelschule.de\/index.php?rest_route=\/wp\/v2\/types\/post"}],"author":[{"embeddable":true,"href":"https:\/\/havelschule.de\/index.php?rest_route=\/wp\/v2\/users\/1"}],"replies":[{"embeddable":true,"href":"https:\/\/havelschule.de\/index.php?rest_route=%2Fwp%2Fv2%2Fcomments&post=8124"}],"version-history":[{"count":2,"href":"https:\/\/havelschule.de\/index.php?rest_route=\/wp\/v2\/posts\/8124\/revisions"}],"predecessor-version":[{"id":8129,"href":"https:\/\/havelschule.de\/index.php?rest_route=\/wp\/v2\/posts\/8124\/revisions\/8129"}],"wp:featuredmedia":[{"embeddable":true,"href":"https:\/\/havelschule.de\/index.php?rest_route=\/wp\/v2\/media\/8122"}],"wp:attachment":[{"href":"https:\/\/havelschule.de\/index.php?rest_route=%2Fwp%2Fv2%2Fmedia&parent=8124"}],"wp:term":[{"taxonomy":"category","embeddable":true,"href":"https:\/\/havelschule.de\/index.php?rest_route=%2Fwp%2Fv2%2Fcategories&post=8124"},{"taxonomy":"post_tag","embeddable":true,"href":"https:\/\/havelschule.de\/index.php?rest_route=%2Fwp%2Fv2%2Ftags&post=8124"}],"curies":[{"name":"wp","href":"https:\/\/api.w.org\/{rel}","templated":true}]}}